{"id":4020,"date":"2024-01-03T11:54:01","date_gmt":"2024-01-03T11:54:01","guid":{"rendered":"https:\/\/www.getmarried.pt\/pt\/?p=4020"},"modified":"2024-01-03T11:54:02","modified_gmt":"2024-01-03T11:54:02","slug":"anabela-e-joao-quinta-da-costeira","status":"publish","type":"post","link":"https:\/\/www.getmarried.pt\/pt\/2024\/01\/03\/anabela-e-joao-quinta-da-costeira\/","title":{"rendered":"Anabela e Jo\u00e3o | Quinta da Costeira"},"content":{"rendered":"\n<p>Anabela e Jo\u00e3o celebraram o seu grande dia rodeados pela natureza que embeleza a <a href=\"https:\/\/www.facebook.com\/p\/Quinta-da-CosteiraCasamentos-100042738687074\/?locale=pt_PT\">Quinta da Costeira<\/a>, um espa\u00e7o com um ambiente buc\u00f3lico, rom\u00e2ntico e muito calmo situado em Carregosa, no concelho de Oliveira de Azem\u00e9is.<\/p>\n\n\n\n<figure class=\"wp-block-gallery has-nested-images columns-default is-cropped wp-block-gallery-1 is-layout-flex wp-block-gallery-is-layout-flex\">\n<figure class=\"wp-block-image size-large\"><img loading=\"lazy\" decoding=\"async\" width=\"1024\" height=\"683\" data-id=\"4045\" src=\"https:\/\/www.getmarried.pt\/wp-content\/uploads\/2023\/12\/fotos-casamento-quinta-costeira-anabela-joao-1257-1024x683.jpg\" alt=\"\" class=\"wp-image-4045\" srcset=\"https:\/\/www.getmarried.pt\/wp-content\/uploads\/2023\/12\/fotos-casamento-quinta-costeira-anabela-joao-1257-1024x683.jpg 1024w, https:\/\/www.getmarried.pt\/wp-content\/uploads\/2023\/12\/fotos-casamento-quinta-costeira-anabela-joao-1257-300x200.jpg 300w, https:\/\/www.getmarried.pt\/wp-content\/uploads\/2023\/12\/fotos-casamento-quinta-costeira-anabela-joao-1257-768x512.jpg 768w, https:\/\/www.getmarried.pt\/wp-content\/uploads\/2023\/12\/fotos-casamento-quinta-costeira-anabela-joao-1257-1536x1024.jpg 1536w, https:\/\/www.getmarried.pt\/wp-content\/uploads\/2023\/12\/fotos-casamento-quinta-costeira-anabela-joao-1257-2048x1365.jpg 2048w\" sizes=\"auto, (max-width: 1024px) 100vw, 1024px\" \/><figcaption>Casamento Quinta da Costeira<\/figcaption><\/figure>\n<\/figure>\n\n\n\n<p><\/p>\n\n\n\n<p>Os preparativos para o dia come\u00e7aram com a maquilhagem da nossa noiva, feitos com o maior cuidado pela talentosa <a href=\"https:\/\/www.paulapereiramakeup.com\/\">Paula Pereira Makeup<\/a>. O vestido escolhido foi um deslumbrante modelo da <a href=\"https:\/\/www.mariaines.pt\/\">M\u00aa In\u00eas<\/a>, que se destacou pelos detalhes florais que se estendiam pelas mangas, al\u00e9m de subtis brilhantes na parte superior, proporcionando \u00e0 noiva o visual perfeito.<\/p>\n\n\n\n<figure class=\"wp-block-gallery has-nested-images columns-default is-cropped wp-block-gallery-2 is-layout-flex wp-block-gallery-is-layout-flex\">\n<figure class=\"wp-block-image size-large\"><img loading=\"lazy\" decoding=\"async\" width=\"1024\" height=\"683\" data-id=\"4028\" src=\"https:\/\/www.getmarried.pt\/wp-content\/uploads\/2023\/12\/fotos-casamento-quinta-costeira-anabela-joao-120-1024x683.jpg\" alt=\"\" class=\"wp-image-4028\" srcset=\"https:\/\/www.getmarried.pt\/wp-content\/uploads\/2023\/12\/fotos-casamento-quinta-costeira-anabela-joao-120-1024x683.jpg 1024w, https:\/\/www.getmarried.pt\/wp-content\/uploads\/2023\/12\/fotos-casamento-quinta-costeira-anabela-joao-120-300x200.jpg 300w, https:\/\/www.getmarried.pt\/wp-content\/uploads\/2023\/12\/fotos-casamento-quinta-costeira-anabela-joao-120-768x512.jpg 768w, https:\/\/www.getmarried.pt\/wp-content\/uploads\/2023\/12\/fotos-casamento-quinta-costeira-anabela-joao-120-1536x1024.jpg 1536w, https:\/\/www.getmarried.pt\/wp-content\/uploads\/2023\/12\/fotos-casamento-quinta-costeira-anabela-joao-120-2048x1365.jpg 2048w\" sizes=\"auto, (max-width: 1024px) 100vw, 1024px\" \/><\/figure>\n\n\n\n<figure class=\"wp-block-image size-large\"><img loading=\"lazy\" decoding=\"async\" width=\"1024\" height=\"683\" data-id=\"4030\" src=\"https:\/\/www.getmarried.pt\/wp-content\/uploads\/2023\/12\/fotos-casamento-quinta-costeira-anabela-joao-301-1024x683.jpg\" alt=\"\" class=\"wp-image-4030\" srcset=\"https:\/\/www.getmarried.pt\/wp-content\/uploads\/2023\/12\/fotos-casamento-quinta-costeira-anabela-joao-301-1024x683.jpg 1024w, https:\/\/www.getmarried.pt\/wp-content\/uploads\/2023\/12\/fotos-casamento-quinta-costeira-anabela-joao-301-300x200.jpg 300w, https:\/\/www.getmarried.pt\/wp-content\/uploads\/2023\/12\/fotos-casamento-quinta-costeira-anabela-joao-301-768x512.jpg 768w, https:\/\/www.getmarried.pt\/wp-content\/uploads\/2023\/12\/fotos-casamento-quinta-costeira-anabela-joao-301-1536x1024.jpg 1536w, https:\/\/www.getmarried.pt\/wp-content\/uploads\/2023\/12\/fotos-casamento-quinta-costeira-anabela-joao-301-2048x1365.jpg 2048w\" sizes=\"auto, (max-width: 1024px) 100vw, 1024px\" \/><\/figure>\n\n\n\n<figure class=\"wp-block-image size-large\"><img loading=\"lazy\" decoding=\"async\" width=\"1024\" height=\"683\" data-id=\"4029\" src=\"https:\/\/www.getmarried.pt\/wp-content\/uploads\/2023\/12\/fotos-casamento-quinta-costeira-anabela-joao-212-1024x683.jpg\" alt=\"\" class=\"wp-image-4029\" srcset=\"https:\/\/www.getmarried.pt\/wp-content\/uploads\/2023\/12\/fotos-casamento-quinta-costeira-anabela-joao-212-1024x683.jpg 1024w, https:\/\/www.getmarried.pt\/wp-content\/uploads\/2023\/12\/fotos-casamento-quinta-costeira-anabela-joao-212-300x200.jpg 300w, https:\/\/www.getmarried.pt\/wp-content\/uploads\/2023\/12\/fotos-casamento-quinta-costeira-anabela-joao-212-768x512.jpg 768w, https:\/\/www.getmarried.pt\/wp-content\/uploads\/2023\/12\/fotos-casamento-quinta-costeira-anabela-joao-212-1536x1024.jpg 1536w, https:\/\/www.getmarried.pt\/wp-content\/uploads\/2023\/12\/fotos-casamento-quinta-costeira-anabela-joao-212-2048x1365.jpg 2048w\" sizes=\"auto, (max-width: 1024px) 100vw, 1024px\" \/><\/figure>\n<\/figure>\n\n\n\n<p><\/p>\n\n\n\n<figure class=\"wp-block-image size-large\"><img loading=\"lazy\" decoding=\"async\" width=\"1024\" height=\"683\" src=\"https:\/\/www.getmarried.pt\/wp-content\/uploads\/2023\/12\/fotos-casamento-quinta-costeira-anabela-joao-469-1024x683.jpg\" alt=\"\" class=\"wp-image-4037\" srcset=\"https:\/\/www.getmarried.pt\/wp-content\/uploads\/2023\/12\/fotos-casamento-quinta-costeira-anabela-joao-469-1024x683.jpg 1024w, https:\/\/www.getmarried.pt\/wp-content\/uploads\/2023\/12\/fotos-casamento-quinta-costeira-anabela-joao-469-300x200.jpg 300w, https:\/\/www.getmarried.pt\/wp-content\/uploads\/2023\/12\/fotos-casamento-quinta-costeira-anabela-joao-469-768x512.jpg 768w, https:\/\/www.getmarried.pt\/wp-content\/uploads\/2023\/12\/fotos-casamento-quinta-costeira-anabela-joao-469-1536x1024.jpg 1536w, https:\/\/www.getmarried.pt\/wp-content\/uploads\/2023\/12\/fotos-casamento-quinta-costeira-anabela-joao-469-2048x1365.jpg 2048w\" sizes=\"auto, (max-width: 1024px) 100vw, 1024px\" \/><figcaption>Casamento Quinta da Costeira<\/figcaption><\/figure>\n\n\n\n<p><\/p>\n\n\n\n<p>O noivo optou por um elegante fato azul, complementado por um colete detalhado em cinza claro e azul e uma gravata coordenada, tamb\u00e9m da cole\u00e7\u00e3o da <a href=\"https:\/\/www.mariaines.pt\/\">M\u00aa In\u00eas<\/a>.<\/p>\n\n\n\n<figure class=\"wp-block-gallery has-nested-images columns-default is-cropped wp-block-gallery-3 is-layout-flex wp-block-gallery-is-layout-flex\">\n<figure class=\"wp-block-image size-large\"><img loading=\"lazy\" decoding=\"async\" width=\"1024\" height=\"683\" data-id=\"4031\" src=\"https:\/\/www.getmarried.pt\/wp-content\/uploads\/2023\/12\/fotos-casamento-quinta-costeira-anabela-joao-110-1024x683.jpg\" alt=\"\" class=\"wp-image-4031\" srcset=\"https:\/\/www.getmarried.pt\/wp-content\/uploads\/2023\/12\/fotos-casamento-quinta-costeira-anabela-joao-110-1024x683.jpg 1024w, https:\/\/www.getmarried.pt\/wp-content\/uploads\/2023\/12\/fotos-casamento-quinta-costeira-anabela-joao-110-300x200.jpg 300w, https:\/\/www.getmarried.pt\/wp-content\/uploads\/2023\/12\/fotos-casamento-quinta-costeira-anabela-joao-110-768x512.jpg 768w, https:\/\/www.getmarried.pt\/wp-content\/uploads\/2023\/12\/fotos-casamento-quinta-costeira-anabela-joao-110-1536x1024.jpg 1536w, https:\/\/www.getmarried.pt\/wp-content\/uploads\/2023\/12\/fotos-casamento-quinta-costeira-anabela-joao-110-2048x1365.jpg 2048w\" sizes=\"auto, (max-width: 1024px) 100vw, 1024px\" \/><\/figure>\n\n\n\n<figure class=\"wp-block-image size-large\"><img loading=\"lazy\" decoding=\"async\" width=\"1024\" height=\"683\" data-id=\"4035\" src=\"https:\/\/www.getmarried.pt\/wp-content\/uploads\/2023\/12\/fotos-casamento-quinta-costeira-anabela-joao-129-1024x683.jpg\" alt=\"\" class=\"wp-image-4035\" srcset=\"https:\/\/www.getmarried.pt\/wp-content\/uploads\/2023\/12\/fotos-casamento-quinta-costeira-anabela-joao-129-1024x683.jpg 1024w, https:\/\/www.getmarried.pt\/wp-content\/uploads\/2023\/12\/fotos-casamento-quinta-costeira-anabela-joao-129-300x200.jpg 300w, https:\/\/www.getmarried.pt\/wp-content\/uploads\/2023\/12\/fotos-casamento-quinta-costeira-anabela-joao-129-768x512.jpg 768w, https:\/\/www.getmarried.pt\/wp-content\/uploads\/2023\/12\/fotos-casamento-quinta-costeira-anabela-joao-129-1536x1024.jpg 1536w, https:\/\/www.getmarried.pt\/wp-content\/uploads\/2023\/12\/fotos-casamento-quinta-costeira-anabela-joao-129-2048x1365.jpg 2048w\" sizes=\"auto, (max-width: 1024px) 100vw, 1024px\" \/><\/figure>\n\n\n\n<figure class=\"wp-block-image size-large\"><img loading=\"lazy\" decoding=\"async\" width=\"1024\" height=\"683\" data-id=\"4032\" src=\"https:\/\/www.getmarried.pt\/wp-content\/uploads\/2023\/12\/fotos-casamento-quinta-costeira-anabela-joao-141-1024x683.jpg\" alt=\"\" class=\"wp-image-4032\" srcset=\"https:\/\/www.getmarried.pt\/wp-content\/uploads\/2023\/12\/fotos-casamento-quinta-costeira-anabela-joao-141-1024x683.jpg 1024w, https:\/\/www.getmarried.pt\/wp-content\/uploads\/2023\/12\/fotos-casamento-quinta-costeira-anabela-joao-141-300x200.jpg 300w, https:\/\/www.getmarried.pt\/wp-content\/uploads\/2023\/12\/fotos-casamento-quinta-costeira-anabela-joao-141-768x512.jpg 768w, https:\/\/www.getmarried.pt\/wp-content\/uploads\/2023\/12\/fotos-casamento-quinta-costeira-anabela-joao-141-1536x1024.jpg 1536w, https:\/\/www.getmarried.pt\/wp-content\/uploads\/2023\/12\/fotos-casamento-quinta-costeira-anabela-joao-141-2048x1365.jpg 2048w\" sizes=\"auto, (max-width: 1024px) 100vw, 1024px\" \/><\/figure>\n<\/figure>\n\n\n\n<p><\/p>\n\n\n\n<figure class=\"wp-block-image size-large\"><img loading=\"lazy\" decoding=\"async\" width=\"1024\" height=\"683\" src=\"https:\/\/www.getmarried.pt\/wp-content\/uploads\/2023\/12\/fotos-casamento-quinta-costeira-anabela-joao-471-1024x683.jpg\" alt=\"\" class=\"wp-image-4040\" srcset=\"https:\/\/www.getmarried.pt\/wp-content\/uploads\/2023\/12\/fotos-casamento-quinta-costeira-anabela-joao-471-1024x683.jpg 1024w, https:\/\/www.getmarried.pt\/wp-content\/uploads\/2023\/12\/fotos-casamento-quinta-costeira-anabela-joao-471-300x200.jpg 300w, https:\/\/www.getmarried.pt\/wp-content\/uploads\/2023\/12\/fotos-casamento-quinta-costeira-anabela-joao-471-768x512.jpg 768w, https:\/\/www.getmarried.pt\/wp-content\/uploads\/2023\/12\/fotos-casamento-quinta-costeira-anabela-joao-471-1536x1024.jpg 1536w, https:\/\/www.getmarried.pt\/wp-content\/uploads\/2023\/12\/fotos-casamento-quinta-costeira-anabela-joao-471-2048x1365.jpg 2048w\" sizes=\"auto, (max-width: 1024px) 100vw, 1024px\" \/><figcaption>Casamento Quinta da Costeira<\/figcaption><\/figure>\n\n\n\n<p><\/p>\n\n\n\n<p>Antes da cerim\u00f3nia houve o First Look, um momento onde os noivos se decidem ver pela primeira vez antes do casamento e onde \u00e9 realizada uma \u00edntima troca de votos. A equipa do <a href=\"https:\/\/tiagosousa.pt\/\">Tiago Sousa Wedding Photography<\/a> foi a respons\u00e1vel por eternizar cada detalhe do dia e capturar cada emo\u00e7\u00e3o deste encontro.<\/p>\n\n\n\n<figure class=\"wp-block-gallery has-nested-images columns-default is-cropped wp-block-gallery-4 is-layout-flex wp-block-gallery-is-layout-flex\">\n<figure class=\"wp-block-image size-large\"><img loading=\"lazy\" decoding=\"async\" width=\"1024\" height=\"683\" data-id=\"4046\" src=\"https:\/\/www.getmarried.pt\/wp-content\/uploads\/2023\/12\/fotos-casamento-quinta-costeira-anabela-joao-480-1-1024x683.jpg\" alt=\"\" class=\"wp-image-4046\" srcset=\"https:\/\/www.getmarried.pt\/wp-content\/uploads\/2023\/12\/fotos-casamento-quinta-costeira-anabela-joao-480-1-1024x683.jpg 1024w, https:\/\/www.getmarried.pt\/wp-content\/uploads\/2023\/12\/fotos-casamento-quinta-costeira-anabela-joao-480-1-300x200.jpg 300w, https:\/\/www.getmarried.pt\/wp-content\/uploads\/2023\/12\/fotos-casamento-quinta-costeira-anabela-joao-480-1-768x512.jpg 768w, https:\/\/www.getmarried.pt\/wp-content\/uploads\/2023\/12\/fotos-casamento-quinta-costeira-anabela-joao-480-1-1536x1024.jpg 1536w, https:\/\/www.getmarried.pt\/wp-content\/uploads\/2023\/12\/fotos-casamento-quinta-costeira-anabela-joao-480-1-2048x1365.jpg 2048w\" sizes=\"auto, (max-width: 1024px) 100vw, 1024px\" \/><figcaption>Casamento Quinta da Costeira<\/figcaption><\/figure>\n<\/figure>\n\n\n\n<p><\/p>\n\n\n\n<figure class=\"wp-block-gallery has-nested-images columns-default is-cropped wp-block-gallery-5 is-layout-flex wp-block-gallery-is-layout-flex\">\n<figure class=\"wp-block-image size-large\"><img loading=\"lazy\" decoding=\"async\" width=\"683\" height=\"1024\" data-id=\"4059\" src=\"https:\/\/www.getmarried.pt\/wp-content\/uploads\/2023\/12\/fotos-casamento-quinta-costeira-anabela-joao-487-683x1024.jpg\" alt=\"\" class=\"wp-image-4059\" srcset=\"https:\/\/www.getmarried.pt\/wp-content\/uploads\/2023\/12\/fotos-casamento-quinta-costeira-anabela-joao-487-683x1024.jpg 683w, https:\/\/www.getmarried.pt\/wp-content\/uploads\/2023\/12\/fotos-casamento-quinta-costeira-anabela-joao-487-200x300.jpg 200w, https:\/\/www.getmarried.pt\/wp-content\/uploads\/2023\/12\/fotos-casamento-quinta-costeira-anabela-joao-487-768x1152.jpg 768w, https:\/\/www.getmarried.pt\/wp-content\/uploads\/2023\/12\/fotos-casamento-quinta-costeira-anabela-joao-487-1024x1536.jpg 1024w, https:\/\/www.getmarried.pt\/wp-content\/uploads\/2023\/12\/fotos-casamento-quinta-costeira-anabela-joao-487-1365x2048.jpg 1365w, https:\/\/www.getmarried.pt\/wp-content\/uploads\/2023\/12\/fotos-casamento-quinta-costeira-anabela-joao-487-scaled.jpg 1707w\" sizes=\"auto, (max-width: 683px) 100vw, 683px\" \/><\/figure>\n\n\n\n<figure class=\"wp-block-image size-large\"><img loading=\"lazy\" decoding=\"async\" width=\"683\" height=\"1024\" data-id=\"4060\" src=\"https:\/\/www.getmarried.pt\/wp-content\/uploads\/2023\/12\/fotos-casamento-quinta-costeira-anabela-joao-493-683x1024.jpg\" alt=\"\" class=\"wp-image-4060\" srcset=\"https:\/\/www.getmarried.pt\/wp-content\/uploads\/2023\/12\/fotos-casamento-quinta-costeira-anabela-joao-493-683x1024.jpg 683w, https:\/\/www.getmarried.pt\/wp-content\/uploads\/2023\/12\/fotos-casamento-quinta-costeira-anabela-joao-493-200x300.jpg 200w, https:\/\/www.getmarried.pt\/wp-content\/uploads\/2023\/12\/fotos-casamento-quinta-costeira-anabela-joao-493-768x1152.jpg 768w, https:\/\/www.getmarried.pt\/wp-content\/uploads\/2023\/12\/fotos-casamento-quinta-costeira-anabela-joao-493-1024x1536.jpg 1024w, https:\/\/www.getmarried.pt\/wp-content\/uploads\/2023\/12\/fotos-casamento-quinta-costeira-anabela-joao-493-1365x2048.jpg 1365w, https:\/\/www.getmarried.pt\/wp-content\/uploads\/2023\/12\/fotos-casamento-quinta-costeira-anabela-joao-493-scaled.jpg 1707w\" sizes=\"auto, (max-width: 683px) 100vw, 683px\" \/><\/figure>\n\n\n\n<figure class=\"wp-block-image size-large\"><img loading=\"lazy\" decoding=\"async\" width=\"683\" height=\"1024\" data-id=\"4057\" src=\"https:\/\/www.getmarried.pt\/wp-content\/uploads\/2023\/12\/fotos-casamento-quinta-costeira-anabela-joao-494-683x1024.jpg\" alt=\"\" class=\"wp-image-4057\" srcset=\"https:\/\/www.getmarried.pt\/wp-content\/uploads\/2023\/12\/fotos-casamento-quinta-costeira-anabela-joao-494-683x1024.jpg 683w, https:\/\/www.getmarried.pt\/wp-content\/uploads\/2023\/12\/fotos-casamento-quinta-costeira-anabela-joao-494-200x300.jpg 200w, https:\/\/www.getmarried.pt\/wp-content\/uploads\/2023\/12\/fotos-casamento-quinta-costeira-anabela-joao-494-768x1152.jpg 768w, https:\/\/www.getmarried.pt\/wp-content\/uploads\/2023\/12\/fotos-casamento-quinta-costeira-anabela-joao-494-1024x1536.jpg 1024w, https:\/\/www.getmarried.pt\/wp-content\/uploads\/2023\/12\/fotos-casamento-quinta-costeira-anabela-joao-494-1365x2048.jpg 1365w, https:\/\/www.getmarried.pt\/wp-content\/uploads\/2023\/12\/fotos-casamento-quinta-costeira-anabela-joao-494-scaled.jpg 1707w\" sizes=\"auto, (max-width: 683px) 100vw, 683px\" \/><\/figure>\n<\/figure>\n\n\n\n<p><\/p>\n\n\n\n<p>A cerim\u00f3nia simb\u00f3lica foi realizada pela celebrante <a href=\"https:\/\/www.instagram.com\/historiasqmarcam?igsh=OGQ5ZDc2ODk2ZA%3D%3D\">Hist\u00f3rias que Marcam<\/a> em frente da capela centen\u00e1ria da pr\u00f3pria quinta. Foi um momento de partilha de sentimentos e algumas l\u00e1grimas pelo casal durante a leitura dos votos.<\/p>\n\n\n\n<figure class=\"wp-block-gallery has-nested-images columns-default is-cropped wp-block-gallery-6 is-layout-flex wp-block-gallery-is-layout-flex\">\n<figure class=\"wp-block-image size-large\"><img loading=\"lazy\" decoding=\"async\" width=\"1024\" height=\"683\" data-id=\"4066\" src=\"https:\/\/www.getmarried.pt\/wp-content\/uploads\/2023\/12\/fotos-casamento-quinta-costeira-anabela-joao-964-1024x683.jpg\" alt=\"\" class=\"wp-image-4066\" srcset=\"https:\/\/www.getmarried.pt\/wp-content\/uploads\/2023\/12\/fotos-casamento-quinta-costeira-anabela-joao-964-1024x683.jpg 1024w, https:\/\/www.getmarried.pt\/wp-content\/uploads\/2023\/12\/fotos-casamento-quinta-costeira-anabela-joao-964-300x200.jpg 300w, https:\/\/www.getmarried.pt\/wp-content\/uploads\/2023\/12\/fotos-casamento-quinta-costeira-anabela-joao-964-768x512.jpg 768w, https:\/\/www.getmarried.pt\/wp-content\/uploads\/2023\/12\/fotos-casamento-quinta-costeira-anabela-joao-964-1536x1024.jpg 1536w, https:\/\/www.getmarried.pt\/wp-content\/uploads\/2023\/12\/fotos-casamento-quinta-costeira-anabela-joao-964-2048x1365.jpg 2048w\" sizes=\"auto, (max-width: 1024px) 100vw, 1024px\" \/><\/figure>\n\n\n\n<figure class=\"wp-block-image size-large\"><img loading=\"lazy\" decoding=\"async\" width=\"1024\" height=\"683\" data-id=\"4069\" src=\"https:\/\/www.getmarried.pt\/wp-content\/uploads\/2023\/12\/fotos-casamento-quinta-costeira-anabela-joao-1070-1-1024x683.jpg\" alt=\"\" class=\"wp-image-4069\" srcset=\"https:\/\/www.getmarried.pt\/wp-content\/uploads\/2023\/12\/fotos-casamento-quinta-costeira-anabela-joao-1070-1-1024x683.jpg 1024w, https:\/\/www.getmarried.pt\/wp-content\/uploads\/2023\/12\/fotos-casamento-quinta-costeira-anabela-joao-1070-1-300x200.jpg 300w, https:\/\/www.getmarried.pt\/wp-content\/uploads\/2023\/12\/fotos-casamento-quinta-costeira-anabela-joao-1070-1-768x512.jpg 768w, https:\/\/www.getmarried.pt\/wp-content\/uploads\/2023\/12\/fotos-casamento-quinta-costeira-anabela-joao-1070-1-1536x1024.jpg 1536w, https:\/\/www.getmarried.pt\/wp-content\/uploads\/2023\/12\/fotos-casamento-quinta-costeira-anabela-joao-1070-1-2048x1365.jpg 2048w\" sizes=\"auto, (max-width: 1024px) 100vw, 1024px\" \/><\/figure>\n<\/figure>\n\n\n\n<p><\/p>\n\n\n\n<figure class=\"wp-block-image size-large\"><img loading=\"lazy\" decoding=\"async\" width=\"1024\" height=\"683\" src=\"https:\/\/www.getmarried.pt\/wp-content\/uploads\/2023\/12\/fotos-casamento-quinta-costeira-anabela-joao-1053-1-1024x683.jpg\" alt=\"\" class=\"wp-image-4071\" srcset=\"https:\/\/www.getmarried.pt\/wp-content\/uploads\/2023\/12\/fotos-casamento-quinta-costeira-anabela-joao-1053-1-1024x683.jpg 1024w, https:\/\/www.getmarried.pt\/wp-content\/uploads\/2023\/12\/fotos-casamento-quinta-costeira-anabela-joao-1053-1-300x200.jpg 300w, https:\/\/www.getmarried.pt\/wp-content\/uploads\/2023\/12\/fotos-casamento-quinta-costeira-anabela-joao-1053-1-768x512.jpg 768w, https:\/\/www.getmarried.pt\/wp-content\/uploads\/2023\/12\/fotos-casamento-quinta-costeira-anabela-joao-1053-1-1536x1024.jpg 1536w, https:\/\/www.getmarried.pt\/wp-content\/uploads\/2023\/12\/fotos-casamento-quinta-costeira-anabela-joao-1053-1-2048x1365.jpg 2048w\" sizes=\"auto, (max-width: 1024px) 100vw, 1024px\" \/><figcaption>Casamento Quinta da Costeira<\/figcaption><\/figure>\n\n\n\n<p><\/p>\n\n\n\n<p>Ap\u00f3s a cerim\u00f4nia, a atmosfera festiva continuou na recep\u00e7\u00e3o, onde a anima\u00e7\u00e3o n\u00e3o faltou gra\u00e7as aos talentosos profissionais da <a href=\"https:\/\/feedbackproducoes.com\/\">Feedback Produ\u00e7\u00f5es<\/a>, que cativaram os convidados com a sua sele\u00e7\u00e3o musical. O jogo das fitas trouxe um elemento de divers\u00e3o e tradi\u00e7\u00e3o \u00e0 celebra\u00e7\u00e3o.<\/p>\n\n\n\n<figure class=\"wp-block-gallery has-nested-images columns-default is-cropped wp-block-gallery-7 is-layout-flex wp-block-gallery-is-layout-flex\">\n<figure class=\"wp-block-image size-large\"><img loading=\"lazy\" decoding=\"async\" width=\"1024\" height=\"683\" data-id=\"4072\" src=\"https:\/\/www.getmarried.pt\/wp-content\/uploads\/2023\/12\/fotos-casamento-quinta-costeira-anabela-joao-1598-1024x683.jpg\" alt=\"\" class=\"wp-image-4072\" srcset=\"https:\/\/www.getmarried.pt\/wp-content\/uploads\/2023\/12\/fotos-casamento-quinta-costeira-anabela-joao-1598-1024x683.jpg 1024w, https:\/\/www.getmarried.pt\/wp-content\/uploads\/2023\/12\/fotos-casamento-quinta-costeira-anabela-joao-1598-300x200.jpg 300w, https:\/\/www.getmarried.pt\/wp-content\/uploads\/2023\/12\/fotos-casamento-quinta-costeira-anabela-joao-1598-768x512.jpg 768w, https:\/\/www.getmarried.pt\/wp-content\/uploads\/2023\/12\/fotos-casamento-quinta-costeira-anabela-joao-1598-1536x1024.jpg 1536w, https:\/\/www.getmarried.pt\/wp-content\/uploads\/2023\/12\/fotos-casamento-quinta-costeira-anabela-joao-1598-2048x1365.jpg 2048w\" sizes=\"auto, (max-width: 1024px) 100vw, 1024px\" \/><\/figure>\n\n\n\n<figure class=\"wp-block-image size-large\"><img loading=\"lazy\" decoding=\"async\" width=\"1024\" height=\"683\" data-id=\"4074\" src=\"https:\/\/www.getmarried.pt\/wp-content\/uploads\/2023\/12\/fotos-casamento-quinta-costeira-anabela-joao-1634-1024x683.jpg\" alt=\"\" class=\"wp-image-4074\" srcset=\"https:\/\/www.getmarried.pt\/wp-content\/uploads\/2023\/12\/fotos-casamento-quinta-costeira-anabela-joao-1634-1024x683.jpg 1024w, https:\/\/www.getmarried.pt\/wp-content\/uploads\/2023\/12\/fotos-casamento-quinta-costeira-anabela-joao-1634-300x200.jpg 300w, https:\/\/www.getmarried.pt\/wp-content\/uploads\/2023\/12\/fotos-casamento-quinta-costeira-anabela-joao-1634-768x512.jpg 768w, https:\/\/www.getmarried.pt\/wp-content\/uploads\/2023\/12\/fotos-casamento-quinta-costeira-anabela-joao-1634-1536x1024.jpg 1536w, https:\/\/www.getmarried.pt\/wp-content\/uploads\/2023\/12\/fotos-casamento-quinta-costeira-anabela-joao-1634-2048x1365.jpg 2048w\" sizes=\"auto, (max-width: 1024px) 100vw, 1024px\" \/><\/figure>\n<\/figure>\n\n\n\n<p><\/p>\n\n\n\n<p>Seguiu-se um jantar repleto de conversas e sorrisos e o corte do bolo, onde os noivos entraram envolvidos em sparkles e com uma ador\u00e1vel surpresa, uma miniatura do casal no topo do bolo.<\/p>\n\n\n\n<figure class=\"wp-block-gallery has-nested-images columns-default is-cropped wp-block-gallery-8 is-layout-flex wp-block-gallery-is-layout-flex\">\n<figure class=\"wp-block-image size-large\"><img loading=\"lazy\" decoding=\"async\" width=\"1024\" height=\"683\" data-id=\"4082\" src=\"https:\/\/www.getmarried.pt\/wp-content\/uploads\/2023\/12\/fotos-casamento-quinta-costeira-anabela-joao-2164-1024x683.jpg\" alt=\"\" class=\"wp-image-4082\" srcset=\"https:\/\/www.getmarried.pt\/wp-content\/uploads\/2023\/12\/fotos-casamento-quinta-costeira-anabela-joao-2164-1024x683.jpg 1024w, https:\/\/www.getmarried.pt\/wp-content\/uploads\/2023\/12\/fotos-casamento-quinta-costeira-anabela-joao-2164-300x200.jpg 300w, https:\/\/www.getmarried.pt\/wp-content\/uploads\/2023\/12\/fotos-casamento-quinta-costeira-anabela-joao-2164-768x512.jpg 768w, https:\/\/www.getmarried.pt\/wp-content\/uploads\/2023\/12\/fotos-casamento-quinta-costeira-anabela-joao-2164-1536x1024.jpg 1536w, https:\/\/www.getmarried.pt\/wp-content\/uploads\/2023\/12\/fotos-casamento-quinta-costeira-anabela-joao-2164-2048x1365.jpg 2048w\" sizes=\"auto, (max-width: 1024px) 100vw, 1024px\" \/><\/figure>\n\n\n\n<figure class=\"wp-block-image size-large\"><img loading=\"lazy\" decoding=\"async\" width=\"1024\" height=\"683\" data-id=\"4085\" src=\"https:\/\/www.getmarried.pt\/wp-content\/uploads\/2023\/12\/fotos-casamento-quinta-costeira-anabela-joao-2203-1-1024x683.jpg\" alt=\"\" class=\"wp-image-4085\" srcset=\"https:\/\/www.getmarried.pt\/wp-content\/uploads\/2023\/12\/fotos-casamento-quinta-costeira-anabela-joao-2203-1-1024x683.jpg 1024w, https:\/\/www.getmarried.pt\/wp-content\/uploads\/2023\/12\/fotos-casamento-quinta-costeira-anabela-joao-2203-1-300x200.jpg 300w, https:\/\/www.getmarried.pt\/wp-content\/uploads\/2023\/12\/fotos-casamento-quinta-costeira-anabela-joao-2203-1-768x512.jpg 768w, https:\/\/www.getmarried.pt\/wp-content\/uploads\/2023\/12\/fotos-casamento-quinta-costeira-anabela-joao-2203-1-1536x1024.jpg 1536w, https:\/\/www.getmarried.pt\/wp-content\/uploads\/2023\/12\/fotos-casamento-quinta-costeira-anabela-joao-2203-1-2048x1365.jpg 2048w\" sizes=\"auto, (max-width: 1024px) 100vw, 1024px\" \/><\/figure>\n\n\n\n<figure class=\"wp-block-image size-large\"><img loading=\"lazy\" decoding=\"async\" width=\"1024\" height=\"683\" data-id=\"4080\" src=\"https:\/\/www.getmarried.pt\/wp-content\/uploads\/2023\/12\/fotos-casamento-quinta-costeira-anabela-joao-2172-1024x683.jpg\" alt=\"\" class=\"wp-image-4080\" srcset=\"https:\/\/www.getmarried.pt\/wp-content\/uploads\/2023\/12\/fotos-casamento-quinta-costeira-anabela-joao-2172-1024x683.jpg 1024w, https:\/\/www.getmarried.pt\/wp-content\/uploads\/2023\/12\/fotos-casamento-quinta-costeira-anabela-joao-2172-300x200.jpg 300w, https:\/\/www.getmarried.pt\/wp-content\/uploads\/2023\/12\/fotos-casamento-quinta-costeira-anabela-joao-2172-768x512.jpg 768w, https:\/\/www.getmarried.pt\/wp-content\/uploads\/2023\/12\/fotos-casamento-quinta-costeira-anabela-joao-2172-1536x1024.jpg 1536w, https:\/\/www.getmarried.pt\/wp-content\/uploads\/2023\/12\/fotos-casamento-quinta-costeira-anabela-joao-2172-2048x1365.jpg 2048w\" sizes=\"auto, (max-width: 1024px) 100vw, 1024px\" \/><\/figure>\n<\/figure>\n\n\n\n<p><\/p>\n\n\n\n<p>E porque a festa nunca acaba, o baile prolongou-se numa explos\u00e3o de divers\u00e3o, dan\u00e7a e momentos memor\u00e1veis que esperamos que fiquem para sempre nas vossas recorda\u00e7\u00f5es.<\/p>\n\n\n\n<p>O casamento \u00e9 apenas o in\u00edcio da vossa maravilhosa hist\u00f3ria, e por isso, desejamos-vos muitas felicidades neste novo cap\u00edtulo da vossa vida a dois! \u2665<\/p>\n\n\n\n<figure class=\"wp-block-gallery has-nested-images columns-default is-cropped wp-block-gallery-9 is-layout-flex wp-block-gallery-is-layout-flex\">\n<figure class=\"wp-block-image size-large\"><img loading=\"lazy\" decoding=\"async\" width=\"683\" height=\"1024\" data-id=\"4096\" src=\"https:\/\/www.getmarried.pt\/wp-content\/uploads\/2024\/01\/fotos-casamento-quinta-costeira-anabela-joao-56-683x1024.jpg\" alt=\"\" class=\"wp-image-4096\" srcset=\"https:\/\/www.getmarried.pt\/wp-content\/uploads\/2024\/01\/fotos-casamento-quinta-costeira-anabela-joao-56-683x1024.jpg 683w, https:\/\/www.getmarried.pt\/wp-content\/uploads\/2024\/01\/fotos-casamento-quinta-costeira-anabela-joao-56-200x300.jpg 200w, https:\/\/www.getmarried.pt\/wp-content\/uploads\/2024\/01\/fotos-casamento-quinta-costeira-anabela-joao-56-768x1152.jpg 768w, https:\/\/www.getmarried.pt\/wp-content\/uploads\/2024\/01\/fotos-casamento-quinta-costeira-anabela-joao-56-1024x1536.jpg 1024w, https:\/\/www.getmarried.pt\/wp-content\/uploads\/2024\/01\/fotos-casamento-quinta-costeira-anabela-joao-56-1365x2048.jpg 1365w, https:\/\/www.getmarried.pt\/wp-content\/uploads\/2024\/01\/fotos-casamento-quinta-costeira-anabela-joao-56-scaled.jpg 1707w\" sizes=\"auto, (max-width: 683px) 100vw, 683px\" \/><\/figure>\n\n\n\n<figure class=\"wp-block-image size-large\"><img loading=\"lazy\" decoding=\"async\" width=\"1024\" height=\"683\" data-id=\"4094\" src=\"https:\/\/www.getmarried.pt\/wp-content\/uploads\/2024\/01\/fotos-casamento-quinta-costeira-anabela-joao-6-1024x683.jpg\" alt=\"\" class=\"wp-image-4094\" srcset=\"https:\/\/www.getmarried.pt\/wp-content\/uploads\/2024\/01\/fotos-casamento-quinta-costeira-anabela-joao-6-1024x683.jpg 1024w, https:\/\/www.getmarried.pt\/wp-content\/uploads\/2024\/01\/fotos-casamento-quinta-costeira-anabela-joao-6-300x200.jpg 300w, https:\/\/www.getmarried.pt\/wp-content\/uploads\/2024\/01\/fotos-casamento-quinta-costeira-anabela-joao-6-768x512.jpg 768w, https:\/\/www.getmarried.pt\/wp-content\/uploads\/2024\/01\/fotos-casamento-quinta-costeira-anabela-joao-6-1536x1024.jpg 1536w, https:\/\/www.getmarried.pt\/wp-content\/uploads\/2024\/01\/fotos-casamento-quinta-costeira-anabela-joao-6-2048x1365.jpg 2048w\" sizes=\"auto, (max-width: 1024px) 100vw, 1024px\" \/><\/figure>\n\n\n\n<figure class=\"wp-block-image size-large\"><img loading=\"lazy\" decoding=\"async\" width=\"683\" height=\"1024\" data-id=\"4095\" src=\"https:\/\/www.getmarried.pt\/wp-content\/uploads\/2024\/01\/fotos-casamento-quinta-costeira-anabela-joao-51-683x1024.jpg\" alt=\"\" class=\"wp-image-4095\" srcset=\"https:\/\/www.getmarried.pt\/wp-content\/uploads\/2024\/01\/fotos-casamento-quinta-costeira-anabela-joao-51-683x1024.jpg 683w, https:\/\/www.getmarried.pt\/wp-content\/uploads\/2024\/01\/fotos-casamento-quinta-costeira-anabela-joao-51-200x300.jpg 200w, https:\/\/www.getmarried.pt\/wp-content\/uploads\/2024\/01\/fotos-casamento-quinta-costeira-anabela-joao-51-768x1152.jpg 768w, https:\/\/www.getmarried.pt\/wp-content\/uploads\/2024\/01\/fotos-casamento-quinta-costeira-anabela-joao-51-1024x1536.jpg 1024w, https:\/\/www.getmarried.pt\/wp-content\/uploads\/2024\/01\/fotos-casamento-quinta-costeira-anabela-joao-51-1365x2048.jpg 1365w, https:\/\/www.getmarried.pt\/wp-content\/uploads\/2024\/01\/fotos-casamento-quinta-costeira-anabela-joao-51-scaled.jpg 1707w\" sizes=\"auto, (max-width: 683px) 100vw, 683px\" \/><\/figure>\n<\/figure>\n\n\n\n<p><\/p>\n\n\n\n<figure class=\"wp-block-gallery has-nested-images columns-default is-cropped wp-block-gallery-10 is-layout-flex wp-block-gallery-is-layout-flex\">\n<figure class=\"wp-block-image size-large\"><img loading=\"lazy\" decoding=\"async\" width=\"683\" height=\"1024\" data-id=\"4101\" src=\"https:\/\/www.getmarried.pt\/wp-content\/uploads\/2024\/01\/fotos-casamento-quinta-costeira-anabela-joao-329-683x1024.jpg\" alt=\"\" class=\"wp-image-4101\" srcset=\"https:\/\/www.getmarried.pt\/wp-content\/uploads\/2024\/01\/fotos-casamento-quinta-costeira-anabela-joao-329-683x1024.jpg 683w, https:\/\/www.getmarried.pt\/wp-content\/uploads\/2024\/01\/fotos-casamento-quinta-costeira-anabela-joao-329-200x300.jpg 200w, https:\/\/www.getmarried.pt\/wp-content\/uploads\/2024\/01\/fotos-casamento-quinta-costeira-anabela-joao-329-768x1152.jpg 768w, https:\/\/www.getmarried.pt\/wp-content\/uploads\/2024\/01\/fotos-casamento-quinta-costeira-anabela-joao-329-1024x1536.jpg 1024w, https:\/\/www.getmarried.pt\/wp-content\/uploads\/2024\/01\/fotos-casamento-quinta-costeira-anabela-joao-329-1365x2048.jpg 1365w, https:\/\/www.getmarried.pt\/wp-content\/uploads\/2024\/01\/fotos-casamento-quinta-costeira-anabela-joao-329-scaled.jpg 1707w\" sizes=\"auto, (max-width: 683px) 100vw, 683px\" \/><\/figure>\n\n\n\n<figure class=\"wp-block-image size-large\"><img loading=\"lazy\" decoding=\"async\" width=\"683\" height=\"1024\" data-id=\"4117\" src=\"https:\/\/www.getmarried.pt\/wp-content\/uploads\/2024\/01\/fotos-casamento-quinta-costeira-anabela-joao-315-683x1024.jpg\" alt=\"\" class=\"wp-image-4117\" srcset=\"https:\/\/www.getmarried.pt\/wp-content\/uploads\/2024\/01\/fotos-casamento-quinta-costeira-anabela-joao-315-683x1024.jpg 683w, https:\/\/www.getmarried.pt\/wp-content\/uploads\/2024\/01\/fotos-casamento-quinta-costeira-anabela-joao-315-200x300.jpg 200w, https:\/\/www.getmarried.pt\/wp-content\/uploads\/2024\/01\/fotos-casamento-quinta-costeira-anabela-joao-315-768x1152.jpg 768w, https:\/\/www.getmarried.pt\/wp-content\/uploads\/2024\/01\/fotos-casamento-quinta-costeira-anabela-joao-315-1024x1536.jpg 1024w, https:\/\/www.getmarried.pt\/wp-content\/uploads\/2024\/01\/fotos-casamento-quinta-costeira-anabela-joao-315-1365x2048.jpg 1365w, https:\/\/www.getmarried.pt\/wp-content\/uploads\/2024\/01\/fotos-casamento-quinta-costeira-anabela-joao-315-scaled.jpg 1707w\" sizes=\"auto, (max-width: 683px) 100vw, 683px\" \/><\/figure>\n\n\n\n<figure class=\"wp-block-image size-large\"><img loading=\"lazy\" decoding=\"async\" width=\"683\" height=\"1024\" data-id=\"4103\" src=\"https:\/\/www.getmarried.pt\/wp-content\/uploads\/2024\/01\/fotos-casamento-quinta-costeira-anabela-joao-358-1-683x1024.jpg\" alt=\"\" class=\"wp-image-4103\" srcset=\"https:\/\/www.getmarried.pt\/wp-content\/uploads\/2024\/01\/fotos-casamento-quinta-costeira-anabela-joao-358-1-683x1024.jpg 683w, https:\/\/www.getmarried.pt\/wp-content\/uploads\/2024\/01\/fotos-casamento-quinta-costeira-anabela-joao-358-1-200x300.jpg 200w, https:\/\/www.getmarried.pt\/wp-content\/uploads\/2024\/01\/fotos-casamento-quinta-costeira-anabela-joao-358-1-768x1152.jpg 768w, https:\/\/www.getmarried.pt\/wp-content\/uploads\/2024\/01\/fotos-casamento-quinta-costeira-anabela-joao-358-1-1024x1536.jpg 1024w, https:\/\/www.getmarried.pt\/wp-content\/uploads\/2024\/01\/fotos-casamento-quinta-costeira-anabela-joao-358-1-1365x2048.jpg 1365w, https:\/\/www.getmarried.pt\/wp-content\/uploads\/2024\/01\/fotos-casamento-quinta-costeira-anabela-joao-358-1-scaled.jpg 1707w\" sizes=\"auto, (max-width: 683px) 100vw, 683px\" \/><\/figure>\n<\/figure>\n\n\n\n<p><\/p>\n\n\n\n<figure class=\"wp-block-gallery has-nested-images columns-default is-cropped wp-block-gallery-11 is-layout-flex wp-block-gallery-is-layout-flex\">\n<figure class=\"wp-block-image size-large\"><img loading=\"lazy\" decoding=\"async\" width=\"683\" height=\"1024\" data-id=\"4107\" src=\"https:\/\/www.getmarried.pt\/wp-content\/uploads\/2024\/01\/fotos-casamento-quinta-costeira-anabela-joao-462-683x1024.jpg\" alt=\"\" class=\"wp-image-4107\" srcset=\"https:\/\/www.getmarried.pt\/wp-content\/uploads\/2024\/01\/fotos-casamento-quinta-costeira-anabela-joao-462-683x1024.jpg 683w, https:\/\/www.getmarried.pt\/wp-content\/uploads\/2024\/01\/fotos-casamento-quinta-costeira-anabela-joao-462-200x300.jpg 200w, https:\/\/www.getmarried.pt\/wp-content\/uploads\/2024\/01\/fotos-casamento-quinta-costeira-anabela-joao-462-768x1152.jpg 768w, https:\/\/www.getmarried.pt\/wp-content\/uploads\/2024\/01\/fotos-casamento-quinta-costeira-anabela-joao-462-1024x1536.jpg 1024w, https:\/\/www.getmarried.pt\/wp-content\/uploads\/2024\/01\/fotos-casamento-quinta-costeira-anabela-joao-462-1365x2048.jpg 1365w, https:\/\/www.getmarried.pt\/wp-content\/uploads\/2024\/01\/fotos-casamento-quinta-costeira-anabela-joao-462-scaled.jpg 1707w\" sizes=\"auto, (max-width: 683px) 100vw, 683px\" \/><\/figure>\n\n\n\n<figure class=\"wp-block-image size-large\"><img loading=\"lazy\" decoding=\"async\" width=\"683\" height=\"1024\" data-id=\"4105\" src=\"https:\/\/www.getmarried.pt\/wp-content\/uploads\/2024\/01\/fotos-casamento-quinta-costeira-anabela-joao-459-1-683x1024.jpg\" alt=\"\" class=\"wp-image-4105\" srcset=\"https:\/\/www.getmarried.pt\/wp-content\/uploads\/2024\/01\/fotos-casamento-quinta-costeira-anabela-joao-459-1-683x1024.jpg 683w, https:\/\/www.getmarried.pt\/wp-content\/uploads\/2024\/01\/fotos-casamento-quinta-costeira-anabela-joao-459-1-200x300.jpg 200w, https:\/\/www.getmarried.pt\/wp-content\/uploads\/2024\/01\/fotos-casamento-quinta-costeira-anabela-joao-459-1-768x1152.jpg 768w, https:\/\/www.getmarried.pt\/wp-content\/uploads\/2024\/01\/fotos-casamento-quinta-costeira-anabela-joao-459-1-1024x1536.jpg 1024w, https:\/\/www.getmarried.pt\/wp-content\/uploads\/2024\/01\/fotos-casamento-quinta-costeira-anabela-joao-459-1-1365x2048.jpg 1365w, https:\/\/www.getmarried.pt\/wp-content\/uploads\/2024\/01\/fotos-casamento-quinta-costeira-anabela-joao-459-1-scaled.jpg 1707w\" sizes=\"auto, (max-width: 683px) 100vw, 683px\" \/><\/figure>\n\n\n\n<figure class=\"wp-block-image size-large\"><img loading=\"lazy\" decoding=\"async\" width=\"683\" height=\"1024\" data-id=\"4109\" src=\"https:\/\/www.getmarried.pt\/wp-content\/uploads\/2024\/01\/fotos-casamento-quinta-costeira-anabela-joao-482-683x1024.jpg\" alt=\"\" class=\"wp-image-4109\" srcset=\"https:\/\/www.getmarried.pt\/wp-content\/uploads\/2024\/01\/fotos-casamento-quinta-costeira-anabela-joao-482-683x1024.jpg 683w, https:\/\/www.getmarried.pt\/wp-content\/uploads\/2024\/01\/fotos-casamento-quinta-costeira-anabela-joao-482-200x300.jpg 200w, https:\/\/www.getmarried.pt\/wp-content\/uploads\/2024\/01\/fotos-casamento-quinta-costeira-anabela-joao-482-768x1152.jpg 768w, https:\/\/www.getmarried.pt\/wp-content\/uploads\/2024\/01\/fotos-casamento-quinta-costeira-anabela-joao-482-1024x1536.jpg 1024w, https:\/\/www.getmarried.pt\/wp-content\/uploads\/2024\/01\/fotos-casamento-quinta-costeira-anabela-joao-482-1365x2048.jpg 1365w, https:\/\/www.getmarried.pt\/wp-content\/uploads\/2024\/01\/fotos-casamento-quinta-costeira-anabela-joao-482-scaled.jpg 1707w\" sizes=\"auto, (max-width: 683px) 100vw, 683px\" \/><\/figure>\n<\/figure>\n\n\n\n<p><\/p>\n\n\n\n<figure class=\"wp-block-gallery has-nested-images columns-default is-cropped wp-block-gallery-12 is-layout-flex wp-block-gallery-is-layout-flex\">\n<figure class=\"wp-block-image size-large\"><img loading=\"lazy\" decoding=\"async\" width=\"683\" height=\"1024\" data-id=\"4110\" src=\"https:\/\/www.getmarried.pt\/wp-content\/uploads\/2024\/01\/fotos-casamento-quinta-costeira-anabela-joao-796-683x1024.jpg\" alt=\"\" class=\"wp-image-4110\" srcset=\"https:\/\/www.getmarried.pt\/wp-content\/uploads\/2024\/01\/fotos-casamento-quinta-costeira-anabela-joao-796-683x1024.jpg 683w, https:\/\/www.getmarried.pt\/wp-content\/uploads\/2024\/01\/fotos-casamento-quinta-costeira-anabela-joao-796-200x300.jpg 200w, https:\/\/www.getmarried.pt\/wp-content\/uploads\/2024\/01\/fotos-casamento-quinta-costeira-anabela-joao-796-768x1152.jpg 768w, https:\/\/www.getmarried.pt\/wp-content\/uploads\/2024\/01\/fotos-casamento-quinta-costeira-anabela-joao-796-1024x1536.jpg 1024w, https:\/\/www.getmarried.pt\/wp-content\/uploads\/2024\/01\/fotos-casamento-quinta-costeira-anabela-joao-796-1365x2048.jpg 1365w, https:\/\/www.getmarried.pt\/wp-content\/uploads\/2024\/01\/fotos-casamento-quinta-costeira-anabela-joao-796-scaled.jpg 1707w\" sizes=\"auto, (max-width: 683px) 100vw, 683px\" \/><\/figure>\n\n\n\n<figure class=\"wp-block-image size-large\"><img loading=\"lazy\" decoding=\"async\" width=\"1024\" height=\"683\" data-id=\"4124\" src=\"https:\/\/www.getmarried.pt\/wp-content\/uploads\/2024\/01\/fotos-casamento-quinta-costeira-anabela-joao-905-1024x683.jpg\" alt=\"\" class=\"wp-image-4124\" srcset=\"https:\/\/www.getmarried.pt\/wp-content\/uploads\/2024\/01\/fotos-casamento-quinta-costeira-anabela-joao-905-1024x683.jpg 1024w, https:\/\/www.getmarried.pt\/wp-content\/uploads\/2024\/01\/fotos-casamento-quinta-costeira-anabela-joao-905-300x200.jpg 300w, https:\/\/www.getmarried.pt\/wp-content\/uploads\/2024\/01\/fotos-casamento-quinta-costeira-anabela-joao-905-768x512.jpg 768w, https:\/\/www.getmarried.pt\/wp-content\/uploads\/2024\/01\/fotos-casamento-quinta-costeira-anabela-joao-905-1536x1024.jpg 1536w, https:\/\/www.getmarried.pt\/wp-content\/uploads\/2024\/01\/fotos-casamento-quinta-costeira-anabela-joao-905-2048x1365.jpg 2048w\" sizes=\"auto, (max-width: 1024px) 100vw, 1024px\" \/><\/figure>\n\n\n\n<figure class=\"wp-block-image size-large\"><img loading=\"lazy\" decoding=\"async\" width=\"683\" height=\"1024\" data-id=\"4112\" src=\"https:\/\/www.getmarried.pt\/wp-content\/uploads\/2024\/01\/fotos-casamento-quinta-costeira-anabela-joao-880-683x1024.jpg\" alt=\"\" class=\"wp-image-4112\" srcset=\"https:\/\/www.getmarried.pt\/wp-content\/uploads\/2024\/01\/fotos-casamento-quinta-costeira-anabela-joao-880-683x1024.jpg 683w, https:\/\/www.getmarried.pt\/wp-content\/uploads\/2024\/01\/fotos-casamento-quinta-costeira-anabela-joao-880-200x300.jpg 200w, https:\/\/www.getmarried.pt\/wp-content\/uploads\/2024\/01\/fotos-casamento-quinta-costeira-anabela-joao-880-768x1152.jpg 768w, https:\/\/www.getmarried.pt\/wp-content\/uploads\/2024\/01\/fotos-casamento-quinta-costeira-anabela-joao-880-1024x1536.jpg 1024w, https:\/\/www.getmarried.pt\/wp-content\/uploads\/2024\/01\/fotos-casamento-quinta-costeira-anabela-joao-880-1365x2048.jpg 1365w, https:\/\/www.getmarried.pt\/wp-content\/uploads\/2024\/01\/fotos-casamento-quinta-costeira-anabela-joao-880-scaled.jpg 1707w\" sizes=\"auto, (max-width: 683px) 100vw, 683px\" \/><\/figure>\n<\/figure>\n\n\n\n<p><\/p>\n\n\n\n<figure class=\"wp-block-gallery has-nested-images columns-default is-cropped wp-block-gallery-13 is-layout-flex wp-block-gallery-is-layout-flex\">\n<figure class=\"wp-block-image size-large\"><img loading=\"lazy\" decoding=\"async\" width=\"683\" height=\"1024\" data-id=\"4114\" src=\"https:\/\/www.getmarried.pt\/wp-content\/uploads\/2024\/01\/fotos-casamento-quinta-costeira-anabela-joao-962-683x1024.jpg\" alt=\"\" class=\"wp-image-4114\" srcset=\"https:\/\/www.getmarried.pt\/wp-content\/uploads\/2024\/01\/fotos-casamento-quinta-costeira-anabela-joao-962-683x1024.jpg 683w, https:\/\/www.getmarried.pt\/wp-content\/uploads\/2024\/01\/fotos-casamento-quinta-costeira-anabela-joao-962-200x300.jpg 200w, https:\/\/www.getmarried.pt\/wp-content\/uploads\/2024\/01\/fotos-casamento-quinta-costeira-anabela-joao-962-768x1152.jpg 768w, https:\/\/www.getmarried.pt\/wp-content\/uploads\/2024\/01\/fotos-casamento-quinta-costeira-anabela-joao-962-1024x1536.jpg 1024w, https:\/\/www.getmarried.pt\/wp-content\/uploads\/2024\/01\/fotos-casamento-quinta-costeira-anabela-joao-962-1365x2048.jpg 1365w, https:\/\/www.getmarried.pt\/wp-content\/uploads\/2024\/01\/fotos-casamento-quinta-costeira-anabela-joao-962-scaled.jpg 1707w\" sizes=\"auto, (max-width: 683px) 100vw, 683px\" \/><\/figure>\n\n\n\n<figure class=\"wp-block-image size-large\"><img loading=\"lazy\" decoding=\"async\" width=\"683\" height=\"1024\" data-id=\"4118\" src=\"https:\/\/www.getmarried.pt\/wp-content\/uploads\/2024\/01\/fotos-casamento-quinta-costeira-anabela-joao-988-683x1024.jpg\" alt=\"\" class=\"wp-image-4118\" srcset=\"https:\/\/www.getmarried.pt\/wp-content\/uploads\/2024\/01\/fotos-casamento-quinta-costeira-anabela-joao-988-683x1024.jpg 683w, https:\/\/www.getmarried.pt\/wp-content\/uploads\/2024\/01\/fotos-casamento-quinta-costeira-anabela-joao-988-200x300.jpg 200w, https:\/\/www.getmarried.pt\/wp-content\/uploads\/2024\/01\/fotos-casamento-quinta-costeira-anabela-joao-988-768x1152.jpg 768w, https:\/\/www.getmarried.pt\/wp-content\/uploads\/2024\/01\/fotos-casamento-quinta-costeira-anabela-joao-988-1024x1536.jpg 1024w, https:\/\/www.getmarried.pt\/wp-content\/uploads\/2024\/01\/fotos-casamento-quinta-costeira-anabela-joao-988-1365x2048.jpg 1365w, https:\/\/www.getmarried.pt\/wp-content\/uploads\/2024\/01\/fotos-casamento-quinta-costeira-anabela-joao-988-scaled.jpg 1707w\" sizes=\"auto, (max-width: 683px) 100vw, 683px\" \/><\/figure>\n\n\n\n<figure class=\"wp-block-image size-large\"><img loading=\"lazy\" decoding=\"async\" width=\"683\" height=\"1024\" data-id=\"4115\" src=\"https:\/\/www.getmarried.pt\/wp-content\/uploads\/2024\/01\/fotos-casamento-quinta-costeira-anabela-joao-1074-683x1024.jpg\" alt=\"\" class=\"wp-image-4115\" srcset=\"https:\/\/www.getmarried.pt\/wp-content\/uploads\/2024\/01\/fotos-casamento-quinta-costeira-anabela-joao-1074-683x1024.jpg 683w, https:\/\/www.getmarried.pt\/wp-content\/uploads\/2024\/01\/fotos-casamento-quinta-costeira-anabela-joao-1074-200x300.jpg 200w, https:\/\/www.getmarried.pt\/wp-content\/uploads\/2024\/01\/fotos-casamento-quinta-costeira-anabela-joao-1074-768x1152.jpg 768w, https:\/\/www.getmarried.pt\/wp-content\/uploads\/2024\/01\/fotos-casamento-quinta-costeira-anabela-joao-1074-1024x1536.jpg 1024w, https:\/\/www.getmarried.pt\/wp-content\/uploads\/2024\/01\/fotos-casamento-quinta-costeira-anabela-joao-1074-1365x2048.jpg 1365w, https:\/\/www.getmarried.pt\/wp-content\/uploads\/2024\/01\/fotos-casamento-quinta-costeira-anabela-joao-1074-scaled.jpg 1707w\" sizes=\"auto, (max-width: 683px) 100vw, 683px\" \/><\/figure>\n<\/figure>\n\n\n\n<p><\/p>\n\n\n\n<figure class=\"wp-block-gallery has-nested-images columns-default is-cropped wp-block-gallery-14 is-layout-flex wp-block-gallery-is-layout-flex\">\n<figure class=\"wp-block-image size-large\"><img loading=\"lazy\" decoding=\"async\" width=\"1024\" height=\"683\" data-id=\"4129\" src=\"https:\/\/www.getmarried.pt\/wp-content\/uploads\/2024\/01\/fotos-casamento-quinta-costeira-anabela-joao-1180-1024x683.jpg\" alt=\"\" class=\"wp-image-4129\" srcset=\"https:\/\/www.getmarried.pt\/wp-content\/uploads\/2024\/01\/fotos-casamento-quinta-costeira-anabela-joao-1180-1024x683.jpg 1024w, https:\/\/www.getmarried.pt\/wp-content\/uploads\/2024\/01\/fotos-casamento-quinta-costeira-anabela-joao-1180-300x200.jpg 300w, https:\/\/www.getmarried.pt\/wp-content\/uploads\/2024\/01\/fotos-casamento-quinta-costeira-anabela-joao-1180-768x512.jpg 768w, https:\/\/www.getmarried.pt\/wp-content\/uploads\/2024\/01\/fotos-casamento-quinta-costeira-anabela-joao-1180-1536x1024.jpg 1536w, https:\/\/www.getmarried.pt\/wp-content\/uploads\/2024\/01\/fotos-casamento-quinta-costeira-anabela-joao-1180-2048x1365.jpg 2048w\" sizes=\"auto, (max-width: 1024px) 100vw, 1024px\" \/><\/figure>\n\n\n\n<figure class=\"wp-block-image size-large\"><img loading=\"lazy\" decoding=\"async\" width=\"683\" height=\"1024\" data-id=\"4119\" src=\"https:\/\/www.getmarried.pt\/wp-content\/uploads\/2024\/01\/fotos-casamento-quinta-costeira-anabela-joao-1261-683x1024.jpg\" alt=\"\" class=\"wp-image-4119\" srcset=\"https:\/\/www.getmarried.pt\/wp-content\/uploads\/2024\/01\/fotos-casamento-quinta-costeira-anabela-joao-1261-683x1024.jpg 683w, https:\/\/www.getmarried.pt\/wp-content\/uploads\/2024\/01\/fotos-casamento-quinta-costeira-anabela-joao-1261-200x300.jpg 200w, https:\/\/www.getmarried.pt\/wp-content\/uploads\/2024\/01\/fotos-casamento-quinta-costeira-anabela-joao-1261-768x1152.jpg 768w, https:\/\/www.getmarried.pt\/wp-content\/uploads\/2024\/01\/fotos-casamento-quinta-costeira-anabela-joao-1261-1024x1536.jpg 1024w, https:\/\/www.getmarried.pt\/wp-content\/uploads\/2024\/01\/fotos-casamento-quinta-costeira-anabela-joao-1261-1365x2048.jpg 1365w, https:\/\/www.getmarried.pt\/wp-content\/uploads\/2024\/01\/fotos-casamento-quinta-costeira-anabela-joao-1261-scaled.jpg 1707w\" sizes=\"auto, (max-width: 683px) 100vw, 683px\" \/><\/figure>\n\n\n\n<figure class=\"wp-block-image size-large\"><img loading=\"lazy\" decoding=\"async\" width=\"683\" height=\"1024\" data-id=\"4130\" src=\"https:\/\/www.getmarried.pt\/wp-content\/uploads\/2024\/01\/fotos-casamento-quinta-costeira-anabela-joao-1144-683x1024.jpg\" alt=\"\" class=\"wp-image-4130\" srcset=\"https:\/\/www.getmarried.pt\/wp-content\/uploads\/2024\/01\/fotos-casamento-quinta-costeira-anabela-joao-1144-683x1024.jpg 683w, https:\/\/www.getmarried.pt\/wp-content\/uploads\/2024\/01\/fotos-casamento-quinta-costeira-anabela-joao-1144-200x300.jpg 200w, https:\/\/www.getmarried.pt\/wp-content\/uploads\/2024\/01\/fotos-casamento-quinta-costeira-anabela-joao-1144-768x1152.jpg 768w, https:\/\/www.getmarried.pt\/wp-content\/uploads\/2024\/01\/fotos-casamento-quinta-costeira-anabela-joao-1144-1024x1536.jpg 1024w, https:\/\/www.getmarried.pt\/wp-content\/uploads\/2024\/01\/fotos-casamento-quinta-costeira-anabela-joao-1144-1365x2048.jpg 1365w, https:\/\/www.getmarried.pt\/wp-content\/uploads\/2024\/01\/fotos-casamento-quinta-costeira-anabela-joao-1144-scaled.jpg 1707w\" sizes=\"auto, (max-width: 683px) 100vw, 683px\" \/><\/figure>\n<\/figure>\n\n\n\n<p><\/p>\n\n\n\n<figure class=\"wp-block-gallery has-nested-images columns-default is-cropped wp-block-gallery-15 is-layout-flex wp-block-gallery-is-layout-flex\">\n<figure class=\"wp-block-image size-large\"><img loading=\"lazy\" decoding=\"async\" width=\"1024\" height=\"683\" data-id=\"4131\" src=\"https:\/\/www.getmarried.pt\/wp-content\/uploads\/2024\/01\/fotos-casamento-quinta-costeira-anabela-joao-1287-1024x683.jpg\" alt=\"\" class=\"wp-image-4131\" srcset=\"https:\/\/www.getmarried.pt\/wp-content\/uploads\/2024\/01\/fotos-casamento-quinta-costeira-anabela-joao-1287-1024x683.jpg 1024w, https:\/\/www.getmarried.pt\/wp-content\/uploads\/2024\/01\/fotos-casamento-quinta-costeira-anabela-joao-1287-300x200.jpg 300w, https:\/\/www.getmarried.pt\/wp-content\/uploads\/2024\/01\/fotos-casamento-quinta-costeira-anabela-joao-1287-768x512.jpg 768w, https:\/\/www.getmarried.pt\/wp-content\/uploads\/2024\/01\/fotos-casamento-quinta-costeira-anabela-joao-1287-1536x1024.jpg 1536w, https:\/\/www.getmarried.pt\/wp-content\/uploads\/2024\/01\/fotos-casamento-quinta-costeira-anabela-joao-1287-2048x1365.jpg 2048w\" sizes=\"auto, (max-width: 1024px) 100vw, 1024px\" \/><\/figure>\n\n\n\n<figure class=\"wp-block-image size-large\"><img loading=\"lazy\" decoding=\"async\" width=\"683\" height=\"1024\" data-id=\"4121\" src=\"https:\/\/www.getmarried.pt\/wp-content\/uploads\/2024\/01\/fotos-casamento-quinta-costeira-anabela-joao-1636-683x1024.jpg\" alt=\"\" class=\"wp-image-4121\" srcset=\"https:\/\/www.getmarried.pt\/wp-content\/uploads\/2024\/01\/fotos-casamento-quinta-costeira-anabela-joao-1636-683x1024.jpg 683w, https:\/\/www.getmarried.pt\/wp-content\/uploads\/2024\/01\/fotos-casamento-quinta-costeira-anabela-joao-1636-200x300.jpg 200w, https:\/\/www.getmarried.pt\/wp-content\/uploads\/2024\/01\/fotos-casamento-quinta-costeira-anabela-joao-1636-768x1152.jpg 768w, https:\/\/www.getmarried.pt\/wp-content\/uploads\/2024\/01\/fotos-casamento-quinta-costeira-anabela-joao-1636-1024x1536.jpg 1024w, https:\/\/www.getmarried.pt\/wp-content\/uploads\/2024\/01\/fotos-casamento-quinta-costeira-anabela-joao-1636-1365x2048.jpg 1365w, https:\/\/www.getmarried.pt\/wp-content\/uploads\/2024\/01\/fotos-casamento-quinta-costeira-anabela-joao-1636-scaled.jpg 1707w\" sizes=\"auto, (max-width: 683px) 100vw, 683px\" \/><\/figure>\n\n\n\n<figure class=\"wp-block-image size-large\"><img loading=\"lazy\" decoding=\"async\" width=\"1024\" height=\"683\" data-id=\"4132\" src=\"https:\/\/www.getmarried.pt\/wp-content\/uploads\/2024\/01\/fotos-casamento-quinta-costeira-anabela-joao-1288-1024x683.jpg\" alt=\"\" class=\"wp-image-4132\" srcset=\"https:\/\/www.getmarried.pt\/wp-content\/uploads\/2024\/01\/fotos-casamento-quinta-costeira-anabela-joao-1288-1024x683.jpg 1024w, https:\/\/www.getmarried.pt\/wp-content\/uploads\/2024\/01\/fotos-casamento-quinta-costeira-anabela-joao-1288-300x200.jpg 300w, https:\/\/www.getmarried.pt\/wp-content\/uploads\/2024\/01\/fotos-casamento-quinta-costeira-anabela-joao-1288-768x512.jpg 768w, https:\/\/www.getmarried.pt\/wp-content\/uploads\/2024\/01\/fotos-casamento-quinta-costeira-anabela-joao-1288-1536x1024.jpg 1536w, https:\/\/www.getmarried.pt\/wp-content\/uploads\/2024\/01\/fotos-casamento-quinta-costeira-anabela-joao-1288-2048x1365.jpg 2048w\" sizes=\"auto, (max-width: 1024px) 100vw, 1024px\" \/><\/figure>\n<\/figure>\n\n\n\n<p><\/p>\n\n\n\n<figure class=\"wp-block-gallery has-nested-images columns-default is-cropped wp-block-gallery-16 is-layout-flex wp-block-gallery-is-layout-flex\">\n<figure class=\"wp-block-image size-large\"><img loading=\"lazy\" decoding=\"async\" width=\"683\" height=\"1024\" data-id=\"4134\" src=\"https:\/\/www.getmarried.pt\/wp-content\/uploads\/2024\/01\/fotos-casamento-quinta-costeira-anabela-joao-1479-683x1024.jpg\" alt=\"\" class=\"wp-image-4134\" srcset=\"https:\/\/www.getmarried.pt\/wp-content\/uploads\/2024\/01\/fotos-casamento-quinta-costeira-anabela-joao-1479-683x1024.jpg 683w, https:\/\/www.getmarried.pt\/wp-content\/uploads\/2024\/01\/fotos-casamento-quinta-costeira-anabela-joao-1479-200x300.jpg 200w, https:\/\/www.getmarried.pt\/wp-content\/uploads\/2024\/01\/fotos-casamento-quinta-costeira-anabela-joao-1479-768x1152.jpg 768w, https:\/\/www.getmarried.pt\/wp-content\/uploads\/2024\/01\/fotos-casamento-quinta-costeira-anabela-joao-1479-1024x1536.jpg 1024w, https:\/\/www.getmarried.pt\/wp-content\/uploads\/2024\/01\/fotos-casamento-quinta-costeira-anabela-joao-1479-1365x2048.jpg 1365w, https:\/\/www.getmarried.pt\/wp-content\/uploads\/2024\/01\/fotos-casamento-quinta-costeira-anabela-joao-1479-scaled.jpg 1707w\" sizes=\"auto, (max-width: 683px) 100vw, 683px\" \/><\/figure>\n\n\n\n<figure class=\"wp-block-image size-large\"><img loading=\"lazy\" decoding=\"async\" width=\"683\" height=\"1024\" data-id=\"4133\" src=\"https:\/\/www.getmarried.pt\/wp-content\/uploads\/2024\/01\/fotos-casamento-quinta-costeira-anabela-joao-1344-1-683x1024.jpg\" alt=\"\" class=\"wp-image-4133\" srcset=\"https:\/\/www.getmarried.pt\/wp-content\/uploads\/2024\/01\/fotos-casamento-quinta-costeira-anabela-joao-1344-1-683x1024.jpg 683w, https:\/\/www.getmarried.pt\/wp-content\/uploads\/2024\/01\/fotos-casamento-quinta-costeira-anabela-joao-1344-1-200x300.jpg 200w, https:\/\/www.getmarried.pt\/wp-content\/uploads\/2024\/01\/fotos-casamento-quinta-costeira-anabela-joao-1344-1-768x1152.jpg 768w, https:\/\/www.getmarried.pt\/wp-content\/uploads\/2024\/01\/fotos-casamento-quinta-costeira-anabela-joao-1344-1-1024x1536.jpg 1024w, https:\/\/www.getmarried.pt\/wp-content\/uploads\/2024\/01\/fotos-casamento-quinta-costeira-anabela-joao-1344-1-1365x2048.jpg 1365w, https:\/\/www.getmarried.pt\/wp-content\/uploads\/2024\/01\/fotos-casamento-quinta-costeira-anabela-joao-1344-1-scaled.jpg 1707w\" sizes=\"auto, (max-width: 683px) 100vw, 683px\" \/><\/figure>\n\n\n\n<figure class=\"wp-block-image size-large\"><img loading=\"lazy\" decoding=\"async\" width=\"683\" height=\"1024\" data-id=\"4141\" src=\"https:\/\/www.getmarried.pt\/wp-content\/uploads\/2024\/01\/fotos-casamento-quinta-costeira-anabela-joao-1413-683x1024.jpg\" alt=\"\" class=\"wp-image-4141\" srcset=\"https:\/\/www.getmarried.pt\/wp-content\/uploads\/2024\/01\/fotos-casamento-quinta-costeira-anabela-joao-1413-683x1024.jpg 683w, https:\/\/www.getmarried.pt\/wp-content\/uploads\/2024\/01\/fotos-casamento-quinta-costeira-anabela-joao-1413-200x300.jpg 200w, https:\/\/www.getmarried.pt\/wp-content\/uploads\/2024\/01\/fotos-casamento-quinta-costeira-anabela-joao-1413-768x1152.jpg 768w, https:\/\/www.getmarried.pt\/wp-content\/uploads\/2024\/01\/fotos-casamento-quinta-costeira-anabela-joao-1413-1024x1536.jpg 1024w, https:\/\/www.getmarried.pt\/wp-content\/uploads\/2024\/01\/fotos-casamento-quinta-costeira-anabela-joao-1413-1365x2048.jpg 1365w, https:\/\/www.getmarried.pt\/wp-content\/uploads\/2024\/01\/fotos-casamento-quinta-costeira-anabela-joao-1413-scaled.jpg 1707w\" sizes=\"auto, (max-width: 683px) 100vw, 683px\" \/><\/figure>\n<\/figure>\n\n\n\n<p><\/p>\n\n\n\n<figure class=\"wp-block-gallery has-nested-images columns-default is-cropped wp-block-gallery-17 is-layout-flex wp-block-gallery-is-layout-flex\">\n<figure class=\"wp-block-image size-large\"><img loading=\"lazy\" decoding=\"async\" width=\"683\" height=\"1024\" data-id=\"4145\" src=\"https:\/\/www.getmarried.pt\/wp-content\/uploads\/2024\/01\/fotos-casamento-quinta-costeira-anabela-joao-2038-683x1024.jpg\" alt=\"\" class=\"wp-image-4145\" srcset=\"https:\/\/www.getmarried.pt\/wp-content\/uploads\/2024\/01\/fotos-casamento-quinta-costeira-anabela-joao-2038-683x1024.jpg 683w, https:\/\/www.getmarried.pt\/wp-content\/uploads\/2024\/01\/fotos-casamento-quinta-costeira-anabela-joao-2038-200x300.jpg 200w, https:\/\/www.getmarried.pt\/wp-content\/uploads\/2024\/01\/fotos-casamento-quinta-costeira-anabela-joao-2038-768x1152.jpg 768w, https:\/\/www.getmarried.pt\/wp-content\/uploads\/2024\/01\/fotos-casamento-quinta-costeira-anabela-joao-2038-1024x1536.jpg 1024w, https:\/\/www.getmarried.pt\/wp-content\/uploads\/2024\/01\/fotos-casamento-quinta-costeira-anabela-joao-2038-1365x2048.jpg 1365w, https:\/\/www.getmarried.pt\/wp-content\/uploads\/2024\/01\/fotos-casamento-quinta-costeira-anabela-joao-2038-scaled.jpg 1707w\" sizes=\"auto, (max-width: 683px) 100vw, 683px\" \/><\/figure>\n\n\n\n<figure class=\"wp-block-image size-large\"><img loading=\"lazy\" decoding=\"async\" width=\"683\" height=\"1024\" data-id=\"4148\" src=\"https:\/\/www.getmarried.pt\/wp-content\/uploads\/2024\/01\/fotos-casamento-quinta-costeira-anabela-joao-2224-2-683x1024.jpg\" alt=\"\" class=\"wp-image-4148\" srcset=\"https:\/\/www.getmarried.pt\/wp-content\/uploads\/2024\/01\/fotos-casamento-quinta-costeira-anabela-joao-2224-2-683x1024.jpg 683w, https:\/\/www.getmarried.pt\/wp-content\/uploads\/2024\/01\/fotos-casamento-quinta-costeira-anabela-joao-2224-2-200x300.jpg 200w, https:\/\/www.getmarried.pt\/wp-content\/uploads\/2024\/01\/fotos-casamento-quinta-costeira-anabela-joao-2224-2-768x1152.jpg 768w, https:\/\/www.getmarried.pt\/wp-content\/uploads\/2024\/01\/fotos-casamento-quinta-costeira-anabela-joao-2224-2-1024x1536.jpg 1024w, https:\/\/www.getmarried.pt\/wp-content\/uploads\/2024\/01\/fotos-casamento-quinta-costeira-anabela-joao-2224-2-1365x2048.jpg 1365w, https:\/\/www.getmarried.pt\/wp-content\/uploads\/2024\/01\/fotos-casamento-quinta-costeira-anabela-joao-2224-2-scaled.jpg 1707w\" sizes=\"auto, (max-width: 683px) 100vw, 683px\" \/><\/figure>\n\n\n\n<figure class=\"wp-block-image size-large\"><img loading=\"lazy\" decoding=\"async\" width=\"683\" height=\"1024\" data-id=\"4143\" src=\"https:\/\/www.getmarried.pt\/wp-content\/uploads\/2024\/01\/fotos-casamento-quinta-costeira-anabela-joao-2039-683x1024.jpg\" alt=\"\" class=\"wp-image-4143\" srcset=\"https:\/\/www.getmarried.pt\/wp-content\/uploads\/2024\/01\/fotos-casamento-quinta-costeira-anabela-joao-2039-683x1024.jpg 683w, https:\/\/www.getmarried.pt\/wp-content\/uploads\/2024\/01\/fotos-casamento-quinta-costeira-anabela-joao-2039-200x300.jpg 200w, https:\/\/www.getmarried.pt\/wp-content\/uploads\/2024\/01\/fotos-casamento-quinta-costeira-anabela-joao-2039-768x1152.jpg 768w, https:\/\/www.getmarried.pt\/wp-content\/uploads\/2024\/01\/fotos-casamento-quinta-costeira-anabela-joao-2039-1024x1536.jpg 1024w, https:\/\/www.getmarried.pt\/wp-content\/uploads\/2024\/01\/fotos-casamento-quinta-costeira-anabela-joao-2039-1365x2048.jpg 1365w, https:\/\/www.getmarried.pt\/wp-content\/uploads\/2024\/01\/fotos-casamento-quinta-costeira-anabela-joao-2039-scaled.jpg 1707w\" sizes=\"auto, (max-width: 683px) 100vw, 683px\" \/><\/figure>\n<\/figure>\n\n\n\n<p><\/p>\n\n\n\n<figure class=\"wp-block-gallery has-nested-images columns-default is-cropped wp-block-gallery-18 is-layout-flex wp-block-gallery-is-layout-flex\">\n<figure class=\"wp-block-image size-large\"><img loading=\"lazy\" decoding=\"async\" width=\"1024\" height=\"683\" data-id=\"4149\" src=\"https:\/\/www.getmarried.pt\/wp-content\/uploads\/2024\/01\/fotos-casamento-quinta-costeira-anabela-joao-2284-1024x683.jpg\" alt=\"\" class=\"wp-image-4149\" srcset=\"https:\/\/www.getmarried.pt\/wp-content\/uploads\/2024\/01\/fotos-casamento-quinta-costeira-anabela-joao-2284-1024x683.jpg 1024w, https:\/\/www.getmarried.pt\/wp-content\/uploads\/2024\/01\/fotos-casamento-quinta-costeira-anabela-joao-2284-300x200.jpg 300w, https:\/\/www.getmarried.pt\/wp-content\/uploads\/2024\/01\/fotos-casamento-quinta-costeira-anabela-joao-2284-768x512.jpg 768w, https:\/\/www.getmarried.pt\/wp-content\/uploads\/2024\/01\/fotos-casamento-quinta-costeira-anabela-joao-2284-1536x1024.jpg 1536w, https:\/\/www.getmarried.pt\/wp-content\/uploads\/2024\/01\/fotos-casamento-quinta-costeira-anabela-joao-2284-2048x1365.jpg 2048w\" sizes=\"auto, (max-width: 1024px) 100vw, 1024px\" \/><\/figure>\n\n\n\n<figure class=\"wp-block-image size-large\"><img loading=\"lazy\" decoding=\"async\" width=\"1024\" height=\"683\" data-id=\"4152\" src=\"https:\/\/www.getmarried.pt\/wp-content\/uploads\/2024\/01\/fotos-casamento-quinta-costeira-anabela-joao-2196-1024x683.jpg\" alt=\"\" class=\"wp-image-4152\" srcset=\"https:\/\/www.getmarried.pt\/wp-content\/uploads\/2024\/01\/fotos-casamento-quinta-costeira-anabela-joao-2196-1024x683.jpg 1024w, https:\/\/www.getmarried.pt\/wp-content\/uploads\/2024\/01\/fotos-casamento-quinta-costeira-anabela-joao-2196-300x200.jpg 300w, https:\/\/www.getmarried.pt\/wp-content\/uploads\/2024\/01\/fotos-casamento-quinta-costeira-anabela-joao-2196-768x512.jpg 768w, https:\/\/www.getmarried.pt\/wp-content\/uploads\/2024\/01\/fotos-casamento-quinta-costeira-anabela-joao-2196-1536x1024.jpg 1536w, https:\/\/www.getmarried.pt\/wp-content\/uploads\/2024\/01\/fotos-casamento-quinta-costeira-anabela-joao-2196-2048x1365.jpg 2048w\" sizes=\"auto, (max-width: 1024px) 100vw, 1024px\" \/><\/figure>\n\n\n\n<figure class=\"wp-block-image size-large\"><img loading=\"lazy\" decoding=\"async\" width=\"683\" height=\"1024\" data-id=\"4150\" src=\"https:\/\/www.getmarried.pt\/wp-content\/uploads\/2024\/01\/fotos-casamento-quinta-costeira-anabela-joao-2405-683x1024.jpg\" alt=\"\" class=\"wp-image-4150\" srcset=\"https:\/\/www.getmarried.pt\/wp-content\/uploads\/2024\/01\/fotos-casamento-quinta-costeira-anabela-joao-2405-683x1024.jpg 683w, https:\/\/www.getmarried.pt\/wp-content\/uploads\/2024\/01\/fotos-casamento-quinta-costeira-anabela-joao-2405-200x300.jpg 200w, https:\/\/www.getmarried.pt\/wp-content\/uploads\/2024\/01\/fotos-casamento-quinta-costeira-anabela-joao-2405-768x1152.jpg 768w, https:\/\/www.getmarried.pt\/wp-content\/uploads\/2024\/01\/fotos-casamento-quinta-costeira-anabela-joao-2405-1024x1536.jpg 1024w, https:\/\/www.getmarried.pt\/wp-content\/uploads\/2024\/01\/fotos-casamento-quinta-costeira-anabela-joao-2405-1365x2048.jpg 1365w, https:\/\/www.getmarried.pt\/wp-content\/uploads\/2024\/01\/fotos-casamento-quinta-costeira-anabela-joao-2405-scaled.jpg 1707w\" sizes=\"auto, (max-width: 683px) 100vw, 683px\" \/><\/figure>\n<\/figure>\n","protected":false},"excerpt":{"rendered":"<p>Anabela e Jo\u00e3o celebraram o seu grande dia rodeados pela natureza que embeleza a Quinta da Costeira, um espa\u00e7o com um ambiente buc\u00f3lico, rom\u00e2ntico e muito calmo situado em Carregosa, no concelho de Oliveira de Azem\u00e9is. Os preparativos para o dia come\u00e7aram com a maquilhagem da nossa noiva, feitos com o maior cuidado pela talentosa [&hellip;]<\/p>\n","protected":false},"author":6,"featured_media":4153,"comment_status":"open","ping_status":"open","sticky":false,"template":"","format":"standard","meta":{"footnotes":""},"categories":[232],"tags":[769,234,260,269,255,15,248],"class_list":["post-4020","post","type-post","status-publish","format-standard","has-post-thumbnail","hentry","category-blog","tag-quinta-da-costeira","tag-casar-em-portugal","tag-destination-wedding","tag-get-married-in-portugal","tag-get-married-wedding-planner","tag-wedding-planner","tag-weddings-with-emotion"],"_links":{"self":[{"href":"https:\/\/www.getmarried.pt\/pt\/wp-json\/wp\/v2\/posts\/4020","targetHints":{"allow":["GET"]}}],"collection":[{"href":"https:\/\/www.getmarried.pt\/pt\/wp-json\/wp\/v2\/posts"}],"about":[{"href":"https:\/\/www.getmarried.pt\/pt\/wp-json\/wp\/v2\/types\/post"}],"author":[{"embeddable":true,"href":"https:\/\/www.getmarried.pt\/pt\/wp-json\/wp\/v2\/users\/6"}],"replies":[{"embeddable":true,"href":"https:\/\/www.getmarried.pt\/pt\/wp-json\/wp\/v2\/comments?post=4020"}],"version-history":[{"count":15,"href":"https:\/\/www.getmarried.pt\/pt\/wp-json\/wp\/v2\/posts\/4020\/revisions"}],"predecessor-version":[{"id":4160,"href":"https:\/\/www.getmarried.pt\/pt\/wp-json\/wp\/v2\/posts\/4020\/revisions\/4160"}],"wp:featuredmedia":[{"embeddable":true,"href":"https:\/\/www.getmarried.pt\/pt\/wp-json\/wp\/v2\/media\/4153"}],"wp:attachment":[{"href":"https:\/\/www.getmarried.pt\/pt\/wp-json\/wp\/v2\/media?parent=4020"}],"wp:term":[{"taxonomy":"category","embeddable":true,"href":"https:\/\/www.getmarried.pt\/pt\/wp-json\/wp\/v2\/categories?post=4020"},{"taxonomy":"post_tag","embeddable":true,"href":"https:\/\/www.getmarried.pt\/pt\/wp-json\/wp\/v2\/tags?post=4020"}],"curies":[{"name":"wp","href":"https:\/\/api.w.org\/{rel}","templated":true}]}}